{"id":277,"date":"2014-05-11T21:43:54","date_gmt":"2014-05-11T19:43:54","guid":{"rendered":"http:\/\/localhost:8080\/wordpress\/?p=277"},"modified":"2014-05-11T21:43:54","modified_gmt":"2014-05-11T19:43:54","slug":"examens-dan-au-budo-bruxelles-le-11-mai-2014","status":"publish","type":"post","link":"https:\/\/jujutsu-rebecq.be\/index.php\/2014\/05\/11\/examens-dan-au-budo-bruxelles-le-11-mai-2014\/","title":{"rendered":"\u00abExamens Dan au Budo-Bruxelles le 11 mai 2014\u00bb"},"content":{"rendered":"<p style=\"text-align: justify;\">Le 11 mai 20014, notre club pr\u00e9sentait deux candidats aux examens Dan de l&#8217;AFTJ organis\u00e9s au Budo-Bruxelles. Olivier Ost briguait un deuxi\u00e8me dan (nidan) et Christian Van Stichel pr\u00e9sentait un 1er dan (shodan).<br \/>\nIls ont assur\u00e9 comme des pros et ont d\u00e9croch\u00e9 avec brillot les grades pr\u00e9sent\u00e9s. Deux tr\u00e8s belles prestations techniques qui ont fait honneur \u00e0 notre \u00e9cole et qui ont \u00e9t\u00e9 tr\u00e8s appr\u00e9ci\u00e9es par le jury.<br \/>\nUn tout grand merci \u00e0 eux, mais aussi \u00e0 leurs uke : Christophe Mondus, sandan, Antoine Polarski, shodan, et Florent Clementi, 2e kyu.<br \/>\nUn grand merci aussi \u00e0 Alain Vanderschueren, Pr\u00e9sident de l&#8217;AFJJ, pour ce beau dimanche d&#8217;examens Dan.<\/p>\n<p style=\"text-align: justify;\"><a href=\"http:\/\/www.jujutsu-rebecq.be\/wp-content\/uploads\/2015\/06\/Olivier_et_christian.jpg\"><img loading=\"lazy\" decoding=\"async\" class=\"aligncenter size-full wp-image-278\" src=\"http:\/\/www.jujutsu-rebecq.be\/wp-content\/uploads\/2015\/06\/Olivier_et_christian.jpg\" alt=\"Olivier_et_christian\" width=\"634\" height=\"600\" \/><\/a><\/p>\n","protected":false},"excerpt":{"rendered":"<p>Le 11 mai 20014, notre club pr\u00e9sentait deux candidats aux examens Dan de l&#8217;AFTJ organis\u00e9s au Budo-Bruxelles. Olivier Ost briguait un deuxi\u00e8me dan (nidan) et Christian Van Stichel pr\u00e9sentait un 1er dan (shodan). Ils ont assur\u00e9 comme des pros et ont d\u00e9croch\u00e9 avec brillot les grades pr\u00e9sent\u00e9s. Deux tr\u00e8s belles prestations techniques qui ont fait [&hellip;]<\/p>\n","protected":false},"author":1,"featured_media":0,"comment_status":"closed","ping_status":"open","sticky":false,"template":"","format":"standard","meta":{"footnotes":""},"categories":[2,8,15,25],"tags":[],"class_list":["post-277","post","type-post","status-publish","format-standard","hentry","category-ceinturesnoires","category-infosclub","category-ostolivier","category-vanstichelchristian"],"_links":{"self":[{"href":"https:\/\/jujutsu-rebecq.be\/index.php\/wp-json\/wp\/v2\/posts\/277","targetHints":{"allow":["GET"]}}],"collection":[{"href":"https:\/\/jujutsu-rebecq.be\/index.php\/wp-json\/wp\/v2\/posts"}],"about":[{"href":"https:\/\/jujutsu-rebecq.be\/index.php\/wp-json\/wp\/v2\/types\/post"}],"author":[{"embeddable":true,"href":"https:\/\/jujutsu-rebecq.be\/index.php\/wp-json\/wp\/v2\/users\/1"}],"replies":[{"embeddable":true,"href":"https:\/\/jujutsu-rebecq.be\/index.php\/wp-json\/wp\/v2\/comments?post=277"}],"version-history":[{"count":0,"href":"https:\/\/jujutsu-rebecq.be\/index.php\/wp-json\/wp\/v2\/posts\/277\/revisions"}],"wp:attachment":[{"href":"https:\/\/jujutsu-rebecq.be\/index.php\/wp-json\/wp\/v2\/media?parent=277"}],"wp:term":[{"taxonomy":"category","embeddable":true,"href":"https:\/\/jujutsu-rebecq.be\/index.php\/wp-json\/wp\/v2\/categories?post=277"},{"taxonomy":"post_tag","embeddable":true,"href":"https:\/\/jujutsu-rebecq.be\/index.php\/wp-json\/wp\/v2\/tags?post=277"}],"curies":[{"name":"wp","href":"https:\/\/api.w.org\/{rel}","templated":true}]}}