{"id":822,"date":"2017-11-20T10:26:31","date_gmt":"2017-11-20T09:26:31","guid":{"rendered":"http:\/\/www.jujutsu-rebecq.be\/?p=822"},"modified":"2017-11-20T10:26:31","modified_gmt":"2017-11-20T09:26:31","slug":"examens-dan-du-19-novembre-2017","status":"publish","type":"post","link":"https:\/\/jujutsu-rebecq.be\/index.php\/2017\/11\/20\/examens-dan-du-19-novembre-2017\/","title":{"rendered":"Examens Dan du 19 novembre 2017"},"content":{"rendered":"<p>Ce dimanche 19 novembre, ce fut au tour de <a href=\"http:\/\/www.jujutsu-rebecq.be\/index.php\/category\/ceinturesnoires\/clementi-florent\/\">Florent <\/a>de pr\u00e9senter son 2\u00e8me Dan au sein de la f\u00e9d\u00e9ration.<\/p>\n<p>Toutes nos f\u00e9licitations pour cette r\u00e9ussite !<\/p>\n<p><a href=\"http:\/\/www.jujutsu-rebecq.be\/wp-content\/uploads\/2018\/01\/24474588_1756927304600842_981333719_o.jpg\"><img loading=\"lazy\" decoding=\"async\" class=\"aligncenter wp-image-820 \" src=\"http:\/\/www.jujutsu-rebecq.be\/wp-content\/uploads\/2018\/01\/24474588_1756927304600842_981333719_o-e1515316922724-1016x1024.jpg\" alt=\"24474588_1756927304600842_981333719_o\" width=\"334\" height=\"311\" \/><\/a><a href=\"http:\/\/www.jujutsu-rebecq.be\/wp-content\/uploads\/2018\/01\/IMG_1716.jpg\"><img loading=\"lazy\" decoding=\"async\" class=\"aligncenter size-large wp-image-823\" src=\"http:\/\/www.jujutsu-rebecq.be\/wp-content\/uploads\/2018\/01\/IMG_1716-1024x768.jpg\" alt=\"IMG_1716\" width=\"604\" height=\"453\" \/><\/a><\/p>\n","protected":false},"excerpt":{"rendered":"<p>Ce dimanche 19 novembre, ce fut au tour de Florent de pr\u00e9senter son 2\u00e8me Dan au sein de la f\u00e9d\u00e9ration. Toutes nos f\u00e9licitations pour cette r\u00e9ussite !<\/p>\n","protected":false},"author":1,"featured_media":0,"comment_status":"closed","ping_status":"open","sticky":false,"template":"","format":"standard","meta":{"footnotes":""},"categories":[3,16,17],"tags":[],"class_list":["post-822","post","type-post","status-publish","format-standard","hentry","category-clementi-florent","category-passagesdegrades","category-photos"],"_links":{"self":[{"href":"https:\/\/jujutsu-rebecq.be\/index.php\/wp-json\/wp\/v2\/posts\/822","targetHints":{"allow":["GET"]}}],"collection":[{"href":"https:\/\/jujutsu-rebecq.be\/index.php\/wp-json\/wp\/v2\/posts"}],"about":[{"href":"https:\/\/jujutsu-rebecq.be\/index.php\/wp-json\/wp\/v2\/types\/post"}],"author":[{"embeddable":true,"href":"https:\/\/jujutsu-rebecq.be\/index.php\/wp-json\/wp\/v2\/users\/1"}],"replies":[{"embeddable":true,"href":"https:\/\/jujutsu-rebecq.be\/index.php\/wp-json\/wp\/v2\/comments?post=822"}],"version-history":[{"count":0,"href":"https:\/\/jujutsu-rebecq.be\/index.php\/wp-json\/wp\/v2\/posts\/822\/revisions"}],"wp:attachment":[{"href":"https:\/\/jujutsu-rebecq.be\/index.php\/wp-json\/wp\/v2\/media?parent=822"}],"wp:term":[{"taxonomy":"category","embeddable":true,"href":"https:\/\/jujutsu-rebecq.be\/index.php\/wp-json\/wp\/v2\/categories?post=822"},{"taxonomy":"post_tag","embeddable":true,"href":"https:\/\/jujutsu-rebecq.be\/index.php\/wp-json\/wp\/v2\/tags?post=822"}],"curies":[{"name":"wp","href":"https:\/\/api.w.org\/{rel}","templated":true}]}}